{"id":191,"date":"2022-03-21T18:39:54","date_gmt":"2022-03-21T17:39:54","guid":{"rendered":"http:\/\/www.xn--homopathie-marienhafe-jec.de\/home\/?p=191"},"modified":"2022-03-21T18:39:54","modified_gmt":"2022-03-21T17:39:54","slug":"homoeopathische-long-covid-sprechstunde","status":"publish","type":"post","link":"https:\/\/www.xn--homopathie-marienhafe-jec.de\/home\/2022\/03\/21\/homoeopathische-long-covid-sprechstunde\/","title":{"rendered":"Hom\u00f6opathische Long-COVID-Sprechstunde"},"content":{"rendered":"\n<p class=\"has-text-align-center\"><strong>f\u00fcr Long-COVID-Erkrankte <\/strong><strong>&amp;<\/strong><strong> Menschen, die sich von der akuten Erkrankung nie vollst\u00e4ndig erholt haben<\/strong><\/p>\n\n\n\n<p>Sie sind ersch\u00f6pft und m\u00fcde, leiden seit einer akuten COVID-Erkrankung unter diversen k\u00f6rperlichen und psychischen Problemen? Jeder Tag zieht sich, das Hoffen und Warten auf Besserung wird f\u00fcr Sie und Ihre An- und Zugeh\u00f6rigen zunehmend zur Belastungsprobe? Sie machen sich Sorgen um Ihre Leistungsf\u00e4higkeit bei der Arbeit?<\/p>\n\n\n\n<p><em>Rufen Sie mich an und vereinbaren Sie einen Termin.<\/em><\/p>\n\n\n\n<p class=\"has-text-align-center\"><strong>Hier werden Sie und Ihre Symptome ernst genommen.\u00a0<\/strong><br><strong>Hom\u00f6opathie unterst\u00fctzt die Lebenskraft und f\u00f6rdert die Selbstheilung.<\/strong><\/p>\n\n\n\n<h2 class=\"wp-block-heading\"><strong>Therapie von Long COVID und Fatigue&nbsp;<\/strong><\/h2>\n\n\n\n<p>Symptome von Long COVID gibt es viele: \u00dcber mehrere Monate hinweg treten scheinbar v\u00f6llig grundlos Ersch\u00f6pfung, M\u00fcdigkeit, Nebel im Kopf, Atemnot, Schmerzen, Schlafst\u00f6rungen, Depressionen vorher unbekannter Art usw. auf. Der Leidensdruck und auch die reduzierte Lebensqualit\u00e4t sind enorm.&nbsp;<\/p>\n\n\n\n<p><strong>Was ist Long COVID?<\/strong>&nbsp;<\/p>\n\n\n\n<p>Wie das Immunsystem auf eine Virusinfektion reagiert, ist sehr individuell und f\u00fcr den Verlauf der Krankheit und die anschlie\u00dfende Regeneration entscheidend. Laut derzeitigem medizinischen Wissensstand endet die Vermehrung der SARS-CoV-19-Viren am zehnten Tag. Einige Menschen leiden aber noch Monate sp\u00e4ter unter den Symptomen der Infektion. Dann spricht man von Long COVID.&nbsp;<\/p>\n\n\n\n<p><strong>Antworten und L\u00f6sungen finden:<\/strong> Die Hom\u00f6opathie blickt auf eine lange Erfolgsgeschichte in der Behandlung von Sp\u00e4tfolgen nach akuten Erkrankungen und Epidemien zur\u00fcck. Wenn erforderliche medizinische Untersuchungen f\u00fcr die aufgetretenen Symptome abgeschlossen sind, geht es darum, so schnell wie m\u00f6glich herauszufinden, warum Ihr K\u00f6rper auf die Infektion mit diesen Symptomen reagiert, um dann die f\u00fcr Sie optimale L\u00f6sung zu finden.&nbsp;<\/p>\n\n\n\n<p>Die Therapie orientiert sich im ersten Schritt an den individuellen Beschwerden des erkrankten Menschen mit dem Ziel der Symptomlinderung.&nbsp;<\/p>\n\n\n\n<p><strong>Ganz wichtig:<\/strong> Bitte lassen Sie sich unbedingt von Ihrem Hausarzt\/Ihrer Haus\u00e4rztin untersuchen, suchen Sie ggf. Fach\u00e4rzt*innen zwecks vertiefender Diagnostik auf, um andere Ursachen f\u00fcr Ihre Symptome auszuschlie\u00dfen. Bringen Sie falls vorhanden Ihre Befunde mit (normale Laborwerte schlie\u00dfen ein Long-COVID Syndrom nicht aus).<\/p>\n\n\n\n<p><strong>Den Problemursachen auf den Grund gehen:<\/strong> Um Ihre Symptome zu behandeln, gehen wir gemeinsam den Ursachen auf den Grund. Die Symptome bei diesem Krankheitsbild sind nicht bei jedem Menschen gleich. Ich stelle Ihnen Fragen wie:<\/p>\n\n\n\n<ul class=\"wp-block-list\"><li>Wie verlief Ihre akute Erkrankung?<\/li><li>Welche Symptome hatten Sie?<\/li><li>Welche Medikamente haben Sie w\u00e4hrend dieser Zeit erhalten?<\/li><li>Hatten Sie \u00c4ngste (Schock) w\u00e4hrend der akuten Krankheit oder Erlebnisse im Krankenhaus bzw. auf der Intensivstation, die Sie belasten?<\/li><li>Leiden Sie unter Organsch\u00e4den in Folge der Akuterkrankung z.B. an Lunge, Herz, Hirn und Nervensystem?<\/li><li>Haben Sie Fieber oder andere Zeichen einer chronischen Entz\u00fcndung?<\/li><li>Welche Behandlungen haben Sie bereits erhalten?<\/li><li>Unter welchen Beschwerden leiden Sie bis heute?<\/li><li>Gibt es Probleme auf der Gef\u00fchlsebene, \u00c4ngste, Zw\u00e4nge?<\/li><li>Leiden Sie unter Depressionen vorher unbekannter Art?<\/li><li>Wie haben Sie die Isolation in der Quarant\u00e4nezeit erlebt?<\/li><li>Welche Krankheiten hatten Sie vor der COVID-Erkrankung?<\/li><li>\u2026<\/li><\/ul>\n\n\n\n<h2 class=\"wp-block-heading\"><strong>Unterst\u00fctzung f\u00fcr Long-COVID-Erkrankte<\/strong><\/h2>\n\n\n\n<p><strong>F\u00fcr Menschen, die \u2026<\/strong>&nbsp;<\/p>\n\n\n\n<ul class=\"wp-block-list\"><li>\u00fcber ein einsetzendes Krankheitsgef\u00fchl nach Belastung klagen, die durch kleinste Anstrengungen an den Rand ihrer Belastungsf\u00e4higkeit gelangen.<\/li><li>Bewusstseinstr\u00fcbungen (\u201eNebel im Kopf\u201c) sowie Ged\u00e4chtnis- und Konzentrationsprobleme haben.<\/li><li>\u00c4ngste, Zw\u00e4nge und Depressionen nach einer akuten Infektion mit COVID erleben.<\/li><li>unter Schlafst\u00f6rungen leiden.<\/li><li>Muskelschw\u00e4che oder -zittern haben.<\/li><li>unter Schmerzen, z.B. Kopf-, Gelenk-, Nerven- oder Muskelschmerzen, leiden.<\/li><li>Atembeschwerden wie Husten und Luftnot haben.<\/li><li>unerkl\u00e4rliche Symptome, z.B. \u00dcbelkeit, Gewichtsverlust, Verstopfung, aufweisen.<\/li><li>immer noch nicht riechen oder schmecken k\u00f6nnen oder unter Fehlger\u00fcchen leiden.<\/li><li>\u00fcberw\u00e4ltigende Erfahrungen rund um die akute Erkrankung, wie z. B. \u00c4ngste, Schockerfahrungen usw., gemacht haben.<\/li><\/ul>\n\n\n\n<p><em>Ich unterst\u00fctze Sie!<\/em><\/p>\n\n\n\n<h2 class=\"has-text-align-center wp-block-heading\"><strong>Anmeldung und Terminvereinbarung<\/strong><br><strong>Sie haben ein Long-COVID-Syndrom und haben sich von der akuten Erkrankung nie vollst\u00e4ndig erholt?<\/strong><\/h2>\n\n\n\n<p class=\"has-text-align-center\">Unterschiedliche Ursachen bed\u00fcrfen unterschiedlicher Behandlung. Deshalb ist es wichtig, dass Betroffene die individuell passende Therapie erhalten, um sie und damit ihre Lebenskraft zu st\u00e4rken.&nbsp;<\/p>\n\n\n\n<p class=\"has-text-align-center\"><strong><br>Rufen Sie mich gerne an und vereinbaren Sie einen Termin.<br>F\u00fcr Long-COVID-Patient*innen halte ich immer Notfalltermine frei.<br>Je schneller Sie Unterst\u00fctzung bekommen, desto besser.\u00a0<\/strong><\/p>\n\n\n\n<blockquote class=\"wp-block-quote is-layout-flow wp-block-quote-is-layout-flow\"><p>Die Mikrobe ist nichts, das Milieu ist alles!<\/p><cite>Antoine B\u00e9champ 1816-1908<\/cite><\/blockquote>\n\n\n\n<p><strong>Vor Ihrem ersten Termin<\/strong>: Bitte f\u00fcllen Sie <em><a href=\"https:\/\/www.hom\u00f6opathie-marienhafe.de\/downloads\/FragebogenLongCovid.pdf\" target=\"_blank\" rel=\"noreferrer noopener\">diesen Fragebogen<\/a><\/em> aus und senden ihn postalisch an meine Praxis.\u00a0<\/p>\n","protected":false},"excerpt":{"rendered":"<p>f\u00fcr Long-COVID-Erkrankte &amp; Menschen, die sich von der akuten Erkrankung nie vollst\u00e4ndig erholt haben Sie sind ersch\u00f6pft und m\u00fcde, leiden seit einer akuten COVID-Erkrankung unter diversen k\u00f6rperlichen und psychischen Problemen? Jeder Tag zieht sich, das Hoffen und Warten auf Besserung wird f\u00fcr Sie und Ihre An- und Zugeh\u00f6rigen zunehmend zur Belastungsprobe? Sie machen sich Sorgen [&hellip;]<\/p>\n","protected":false},"author":1,"featured_media":0,"comment_status":"open","ping_status":"open","sticky":false,"template":"","format":"standard","meta":{"footnotes":""},"categories":[1],"tags":[],"class_list":["post-191","post","type-post","status-publish","format-standard","hentry","category-allgemein"],"_links":{"self":[{"href":"https:\/\/www.xn--homopathie-marienhafe-jec.de\/home\/wp-json\/wp\/v2\/posts\/191","targetHints":{"allow":["GET"]}}],"collection":[{"href":"https:\/\/www.xn--homopathie-marienhafe-jec.de\/home\/wp-json\/wp\/v2\/posts"}],"about":[{"href":"https:\/\/www.xn--homopathie-marienhafe-jec.de\/home\/wp-json\/wp\/v2\/types\/post"}],"author":[{"embeddable":true,"href":"https:\/\/www.xn--homopathie-marienhafe-jec.de\/home\/wp-json\/wp\/v2\/users\/1"}],"replies":[{"embeddable":true,"href":"https:\/\/www.xn--homopathie-marienhafe-jec.de\/home\/wp-json\/wp\/v2\/comments?post=191"}],"version-history":[{"count":1,"href":"https:\/\/www.xn--homopathie-marienhafe-jec.de\/home\/wp-json\/wp\/v2\/posts\/191\/revisions"}],"predecessor-version":[{"id":193,"href":"https:\/\/www.xn--homopathie-marienhafe-jec.de\/home\/wp-json\/wp\/v2\/posts\/191\/revisions\/193"}],"wp:attachment":[{"href":"https:\/\/www.xn--homopathie-marienhafe-jec.de\/home\/wp-json\/wp\/v2\/media?parent=191"}],"wp:term":[{"taxonomy":"category","embeddable":true,"href":"https:\/\/www.xn--homopathie-marienhafe-jec.de\/home\/wp-json\/wp\/v2\/categories?post=191"},{"taxonomy":"post_tag","embeddable":true,"href":"https:\/\/www.xn--homopathie-marienhafe-jec.de\/home\/wp-json\/wp\/v2\/tags?post=191"}],"curies":[{"name":"wp","href":"https:\/\/api.w.org\/{rel}","templated":true}]}}